{"id":653,"date":"2024-11-07T22:15:17","date_gmt":"2024-11-07T21:15:17","guid":{"rendered":"http:\/\/neu.borkumer-wohnraumgenossenschaft.de\/?p=653"},"modified":"2026-02-17T21:26:28","modified_gmt":"2026-02-17T20:26:28","slug":"borkumer-wohnraumgenossenschaft-eg-gegruendet","status":"publish","type":"post","link":"https:\/\/borkumer-wohnraumgenossenschaft.de\/?p=653","title":{"rendered":"Borkumer Wohnraumgenossenschaft eG gegr\u00fcndet"},"content":{"rendered":"\n<h2 class=\"wp-block-heading has-ast-global-color-4-background-color has-background has-x-large-font-size\">Borkumer Wohnraumgenossenschaft eG gegr\u00fcndet<\/h2>\n\n\n\n<p class=\"has-ast-global-color-4-background-color has-background\"><strong>Ein f\u00fcr Borkum sehr wichtiges Projekt konnte realisiert werden \u2013 die Borkumer Wohnraumgenossenschaft eG wurde gegr\u00fcndet.<\/strong><\/p>\n\n\n\n<figure class=\"wp-block-image size-large\"><img fetchpriority=\"high\" decoding=\"async\" width=\"1024\" height=\"655\" src=\"http:\/\/neu.borkumer-wohnraumgenossenschaft.de\/wp-content\/uploads\/2026\/01\/Gruender-e1769647326387-1024x655.jpg\" alt=\"\" class=\"wp-image-197\" srcset=\"https:\/\/borkumer-wohnraumgenossenschaft.de\/wp-content\/uploads\/2026\/01\/Gruender-e1769647326387-1024x655.jpg 1024w, https:\/\/borkumer-wohnraumgenossenschaft.de\/wp-content\/uploads\/2026\/01\/Gruender-e1769647326387-300x192.jpg 300w, https:\/\/borkumer-wohnraumgenossenschaft.de\/wp-content\/uploads\/2026\/01\/Gruender-e1769647326387-768x491.jpg 768w, https:\/\/borkumer-wohnraumgenossenschaft.de\/wp-content\/uploads\/2026\/01\/Gruender-e1769647326387.jpg 1113w\" sizes=\"(max-width: 1024px) 100vw, 1024px\" \/><\/figure>\n\n\n\n<div style=\"height:100px\" aria-hidden=\"true\" class=\"wp-block-spacer\"><\/div>\n\n\n\n<p class=\"has-ast-global-color-4-background-color has-background\">Ein f\u00fcr Borkum sehr wichtiges Projekt konnte realisiert werden \u2013 die Borkumer Wohnraumgenossenschaft eG wurde gegr\u00fcndet.<\/p>\n\n\n\n<p class=\"has-ast-global-color-4-background-color has-background\">Am 31.08. erfolgte die Gr\u00fcndungsversammlung, in der das Gr\u00fcndungsteam den Startschuss f\u00fcr die Genossenschaft gab. Durch den guten Zuspruch seitens der Insulaner und G\u00e4ste, konnte die f\u00fcr die Gr\u00fcndung notwendige Interessentenanzahl erreicht werden. Im Anschluss folgt die notarielle Beurkundung und anschlie\u00dfend die Eintragung in das Genossenschaftsregister.<\/p>\n\n\n\n<p class=\"has-ast-global-color-4-background-color has-background\">Im Rahmen einer \u00f6ffentlichen Informationsveranstaltung im Juni dieses Jahres wurde seitens des Gr\u00fcndungsteams erstmals \u00fcber das Vorhaben informiert. Im Anschluss mussten m\u00f6glichst viele Interessenten gefunden werden, die potenziell das Vorhaben unterst\u00fctzen wollen. \u201eWir sind diesen Weg gegange, um den Genossenschaftsverband zu zeigen, dass wir die notwendige Anzahl von Gesch\u00e4ftsanteilen und Interessenten bekommen, um ausreichend potenzielles Eigenkapital vorzuweisen\u201d, so Marius Okken, Vorstandsmitglied. Durch einen ausreichend gro\u00dfen R\u00fcckhalt seitens der Bev\u00f6lkerung, von Butenb\u00f6rkumern sowie G\u00e4sten ist gl\u00fccklicherweise eine Realisierung der Gr\u00fcndung m\u00f6glich gewesen. Nur dadurch konnte am 31.08. die Gr\u00fcndungsversammlung der Wohnraumgenossenschaft Borkum eG im Hotel Rummeni durchgef\u00fchrt werden.<\/p>\n\n\n\n<p class=\"has-ast-global-color-4-background-color has-background\">In der Gr\u00fcndungsversammlung wurde neben dem Aufsichtsrat auch der Vorstand gew\u00e4hlt. In den Vorstand der Borkumer Wohnraumgenossenschaft wurden Marius Okken und Hinnerk Tiedeken (Vorstandsvorsitzender) gew\u00e4hlt. Der Aufsichtsrat konnte mit Marc Arends, Niklas Meeuw und Torsten M\u00fcller (Aufsichtsratsvorsitzender) besetzt werden.<\/p>\n\n\n\n<p class=\"has-ast-global-color-4-background-color has-background\">Da die Genossenschaft erst durch die notarielle Beurkundung und Eintragung in das Genossenschaftsregister rechtsf\u00e4hig ist, ist der Handlungsspielraum aktuell noch gering. \u201cUns ist sehr daran gelegen, den juristischen und formalen Prozess m\u00f6glichst schnell zu erledigen, um mit unserer Arbeit beginnen zu k\u00f6nnen\u201d, so Hinnerk Tiedeken. Alle, die sich in der Interessentenliste eingetragen haben, werden auf separatem Wege noch \u00fcber die Beitrittsm\u00f6glichkeit zur Genossenschaft informiert. Dies erfolgt wenn die Genossenschaft rechtsf\u00e4hig ist.<\/p>\n\n\n\n<p class=\"has-ast-global-color-4-background-color has-background\">Im Anschluss soll in den Wintermonaten, wahrscheinlich im November, eine erneute \u00f6ffentliche Informationsveranstaltung stattfinden, um \u00fcber das Aufgabenfeld und Beteiligungsm\u00f6glichkeiten der Genossenschaft zu berichten. Interessierte k\u00f6nnen sich aber bereits jetzt unter&nbsp;<a href=\"https:\/\/www.borkumer-wohnraumgenossenschaft.de\/\">www.borkumer-wohnraumgenossenschaft.de<\/a>&nbsp;\u00fcber die erfolgten Schritte informieren und weiterhin in die Interessentenliste eintragen.<\/p>\n\n\n\n<p class=\"has-ast-global-color-4-background-color has-background\">Hinweisen m\u00f6chte die Wohnraumgenossenschaft an dieser Stelle darauf, dass sie Interesse am Ankauf von Immobilien und Grundst\u00fccken zeigt. Sollte es Verk\u00e4ufer von Fl\u00e4chen oder Immobilien geben, freuen wir uns auf eine Kontaktaufnahme. Durch Gr\u00fcndung der Firma kann gew\u00e4hrleistet werden, dass Immobilien und Grundst\u00fccke der Gemeinschaft, also der Insel und ihren Bewohnern, dauerhaft vor Ort erhalten bleiben. \u00dcber die Gr\u00fcndung der wurden die Stadt Borkum und die Mitglieder des Stadtrates bereits informiert. Das Gr\u00fcndungsteam freut sich mit allen Interessierten und Mitmachenden auf ein erfolgreiches Genossenschaftsprojekt zum Wohle der Insel.<\/p>\n\n\n\n<p><\/p>\n","protected":false},"excerpt":{"rendered":"<p>Borkumer Wohnraumgenossenschaft eG gegr\u00fcndet Ein f\u00fcr Borkum sehr wichtiges Projekt konnte realisiert werden \u2013 die Borkumer Wohnraumgenossenschaft eG wurde gegr\u00fcndet. [&hellip;]<\/p>\n","protected":false},"author":1,"featured_media":197,"comment_status":"open","ping_status":"open","sticky":false,"template":"elementor_header_footer","format":"standard","meta":{"site-sidebar-layout":"default","site-content-layout":"","ast-site-content-layout":"default","site-content-style":"default","site-sidebar-style":"default","ast-global-header-display":"","ast-banner-title-visibility":"","ast-main-header-display":"","ast-hfb-above-header-display":"","ast-hfb-below-header-display":"","ast-hfb-mobile-header-display":"","site-post-title":"","ast-breadcrumbs-content":"","ast-featured-img":"","footer-sml-layout":"","ast-disable-related-posts":"","theme-transparent-header-meta":"","adv-header-id-meta":"","stick-header-meta":"","header-above-stick-meta":"","header-main-stick-meta":"","header-below-stick-meta":"","astra-migrate-meta-layouts":"default","ast-page-background-enabled":"default","ast-page-background-meta":{"desktop":{"background-color":"var(--ast-global-color-5)","background-image":"","background-repeat":"repeat","background-position":"center center","background-size":"auto","background-attachment":"scroll","background-type":"","background-media":"","overlay-type":"","overlay-color":"","overlay-opacity":"","overlay-gradient":""},"tablet":{"background-color":"","background-image":"","background-repeat":"repeat","background-position":"center center","background-size":"auto","background-attachment":"scroll","background-type":"","background-media":"","overlay-type":"","overlay-color":"","overlay-opacity":"","overlay-gradient":""},"mobile":{"background-color":"","background-image":"","background-repeat":"repeat","background-position":"center center","background-size":"auto","background-attachment":"scroll","background-type":"","background-media":"","overlay-type":"","overlay-color":"","overlay-opacity":"","overlay-gradient":""}},"ast-content-background-meta":{"desktop":{"background-color":"var(--ast-global-color-4)","background-image":"","background-repeat":"repeat","background-position":"center center","background-size":"auto","background-attachment":"scroll","background-type":"","background-media":"","overlay-type":"","overlay-color":"","overlay-opacity":"","overlay-gradient":""},"tablet":{"background-color":"var(--ast-global-color-4)","background-image":"","background-repeat":"repeat","background-position":"center center","background-size":"auto","background-attachment":"scroll","background-type":"","background-media":"","overlay-type":"","overlay-color":"","overlay-opacity":"","overlay-gradient":""},"mobile":{"background-color":"var(--ast-global-color-4)","background-image":"","background-repeat":"repeat","background-position":"center center","background-size":"auto","background-attachment":"scroll","background-type":"","background-media":"","overlay-type":"","overlay-color":"","overlay-opacity":"","overlay-gradient":""}},"footnotes":""},"categories":[6,1],"tags":[],"class_list":["post-653","post","type-post","status-publish","format-standard","has-post-thumbnail","hentry","category-aktuelles","category-allgemein"],"_links":{"self":[{"href":"https:\/\/borkumer-wohnraumgenossenschaft.de\/index.php?rest_route=\/wp\/v2\/posts\/653","targetHints":{"allow":["GET"]}}],"collection":[{"href":"https:\/\/borkumer-wohnraumgenossenschaft.de\/index.php?rest_route=\/wp\/v2\/posts"}],"about":[{"href":"https:\/\/borkumer-wohnraumgenossenschaft.de\/index.php?rest_route=\/wp\/v2\/types\/post"}],"author":[{"embeddable":true,"href":"https:\/\/borkumer-wohnraumgenossenschaft.de\/index.php?rest_route=\/wp\/v2\/users\/1"}],"replies":[{"embeddable":true,"href":"https:\/\/borkumer-wohnraumgenossenschaft.de\/index.php?rest_route=%2Fwp%2Fv2%2Fcomments&post=653"}],"version-history":[{"count":8,"href":"https:\/\/borkumer-wohnraumgenossenschaft.de\/index.php?rest_route=\/wp\/v2\/posts\/653\/revisions"}],"predecessor-version":[{"id":664,"href":"https:\/\/borkumer-wohnraumgenossenschaft.de\/index.php?rest_route=\/wp\/v2\/posts\/653\/revisions\/664"}],"wp:featuredmedia":[{"embeddable":true,"href":"https:\/\/borkumer-wohnraumgenossenschaft.de\/index.php?rest_route=\/wp\/v2\/media\/197"}],"wp:attachment":[{"href":"https:\/\/borkumer-wohnraumgenossenschaft.de\/index.php?rest_route=%2Fwp%2Fv2%2Fmedia&parent=653"}],"wp:term":[{"taxonomy":"category","embeddable":true,"href":"https:\/\/borkumer-wohnraumgenossenschaft.de\/index.php?rest_route=%2Fwp%2Fv2%2Fcategories&post=653"},{"taxonomy":"post_tag","embeddable":true,"href":"https:\/\/borkumer-wohnraumgenossenschaft.de\/index.php?rest_route=%2Fwp%2Fv2%2Ftags&post=653"}],"curies":[{"name":"wp","href":"https:\/\/api.w.org\/{rel}","templated":true}]}}