{"id":707,"date":"2025-02-26T13:17:55","date_gmt":"2025-02-26T12:17:55","guid":{"rendered":"http:\/\/neu.borkumer-wohnraumgenossenschaft.de\/?p=707"},"modified":"2026-02-19T22:21:23","modified_gmt":"2026-02-19T21:21:23","slug":"borkumer-wohnraumgenossenschaft-im-genossenschaftsregister-eingetragen","status":"publish","type":"post","link":"https:\/\/borkumer-wohnraumgenossenschaft.de\/?p=707","title":{"rendered":"Borkumer Wohnraumgenossenschaft im Genossenschaftsregister eingetragen"},"content":{"rendered":"\n<p><\/p>\n\n\n\n<div class=\"wp-block-group bw-post-box has-ast-global-color-4-background-color has-background is-layout-constrained wp-block-group-is-layout-constrained\">\n<h2 class=\"wp-block-heading has-ast-global-color-4-background-color has-background\">Borkumer Wohnraumgenossenschaft im Genossenschaftsregister eingetragen<\/h2>\n\n\n\n<p>Nach Gr\u00fcndung wurde die Borkumer Wohnraumgenossenschaft eG nun nach f\u00fcnf monatiger Warte-\/ Bearbeitungszeit im Genossenschaftsregister des Amtsgerichts Aurich eingetragen.<\/p>\n\n\n\n<figure class=\"wp-block-image size-full\"><img fetchpriority=\"high\" decoding=\"async\" width=\"718\" height=\"417\" src=\"http:\/\/neu.borkumer-wohnraumgenossenschaft.de\/wp-content\/uploads\/2026\/02\/Registereintrag.jpg\" alt=\"\" class=\"wp-image-708\" srcset=\"https:\/\/borkumer-wohnraumgenossenschaft.de\/wp-content\/uploads\/2026\/02\/Registereintrag.jpg 718w, https:\/\/borkumer-wohnraumgenossenschaft.de\/wp-content\/uploads\/2026\/02\/Registereintrag-300x174.jpg 300w\" sizes=\"(max-width: 718px) 100vw, 718px\" \/><\/figure>\n\n\n\n<p>Nach Gr\u00fcndung wurde die Borkumer Wohnraumgenossenschaft eG nun nach f\u00fcnf monatiger Warte-\/<br>Bearbeitungszeit im Genossenschaftsregister des Amtsgerichts Aurich eingetragen.<br>Mit diesem Schritt ist nun die Rechtsf\u00e4higkeit gegeben. Die Genossenschaft kann nun mit der<br>praktischen Arbeit beginnen.<br>Gerne verweisen wir bereits jetzt auf den geplanten Termin zur Vorstellung der Genossenschaft.<br>Dieser soll am 17.03.2025 um 19 Uhr in der Kulturinsel, Raum St\u00f6rtebeker, stattfinden. Zus\u00e4tzlich<br>wird es m\u00f6glich sein, an der Veranstaltung per Livestream teilzunehmen. Alle weiteren Informationen<br>dazu erhalten Sie auf unserer Website (www.borkumer-wohnraumgenossenschaft.de).<br>Im kleinen Kreis arbeiten wir bereits an Ideen, dem Wohnraummangel konstruktiv zu l\u00f6sen. Wir freuen<br>uns aber auch \u00fcber Anregungen oder Ideen, um dem Problem des Wohnraummangels sinnvoll<br>entgegenwirken. Sollte ein Verkauf eines Objekts geplant sein, freuen wir uns, wenn<br>Immobilienbesitzer Kontakt zu uns aufnehmen.<br>Mit freundlichen Gr\u00fc\u00dfen<br>Hinnerk Tiedeken und Marius Okken<\/p>\n<\/div>\n\n\n\n<p><\/p>\n","protected":false},"excerpt":{"rendered":"<p>Borkumer Wohnraumgenossenschaft im Genossenschaftsregister eingetragen Nach Gr\u00fcndung wurde die Borkumer Wohnraumgenossenschaft eG nun nach f\u00fcnf monatiger Warte-\/ Bearbeitungszeit im Genossenschaftsregister [&hellip;]<\/p>\n","protected":false},"author":1,"featured_media":0,"comment_status":"open","ping_status":"open","sticky":false,"template":"elementor_header_footer","format":"standard","meta":{"site-sidebar-layout":"default","site-content-layout":"","ast-site-content-layout":"default","site-content-style":"default","site-sidebar-style":"default","ast-global-header-display":"","ast-banner-title-visibility":"","ast-main-header-display":"","ast-hfb-above-header-display":"","ast-hfb-below-header-display":"","ast-hfb-mobile-header-display":"","site-post-title":"","ast-breadcrumbs-content":"","ast-featured-img":"","footer-sml-layout":"","ast-disable-related-posts":"","theme-transparent-header-meta":"","adv-header-id-meta":"","stick-header-meta":"","header-above-stick-meta":"","header-main-stick-meta":"","header-below-stick-meta":"","astra-migrate-meta-layouts":"default","ast-page-background-enabled":"default","ast-page-background-meta":{"desktop":{"background-color":"var(--ast-global-color-5)","background-image":"","background-repeat":"repeat","background-position":"center center","background-size":"auto","background-attachment":"scroll","background-type":"","background-media":"","overlay-type":"","overlay-color":"","overlay-opacity":"","overlay-gradient":""},"tablet":{"background-color":"","background-image":"","background-repeat":"repeat","background-position":"center center","background-size":"auto","background-attachment":"scroll","background-type":"","background-media":"","overlay-type":"","overlay-color":"","overlay-opacity":"","overlay-gradient":""},"mobile":{"background-color":"","background-image":"","background-repeat":"repeat","background-position":"center center","background-size":"auto","background-attachment":"scroll","background-type":"","background-media":"","overlay-type":"","overlay-color":"","overlay-opacity":"","overlay-gradient":""}},"ast-content-background-meta":{"desktop":{"background-color":"var(--ast-global-color-4)","background-image":"","background-repeat":"repeat","background-position":"center center","background-size":"auto","background-attachment":"scroll","background-type":"","background-media":"","overlay-type":"","overlay-color":"","overlay-opacity":"","overlay-gradient":""},"tablet":{"background-color":"var(--ast-global-color-4)","background-image":"","background-repeat":"repeat","background-position":"center center","background-size":"auto","background-attachment":"scroll","background-type":"","background-media":"","overlay-type":"","overlay-color":"","overlay-opacity":"","overlay-gradient":""},"mobile":{"background-color":"var(--ast-global-color-4)","background-image":"","background-repeat":"repeat","background-position":"center center","background-size":"auto","background-attachment":"scroll","background-type":"","background-media":"","overlay-type":"","overlay-color":"","overlay-opacity":"","overlay-gradient":""}},"footnotes":""},"categories":[6,1],"tags":[],"class_list":["post-707","post","type-post","status-publish","format-standard","hentry","category-aktuelles","category-allgemein"],"_links":{"self":[{"href":"https:\/\/borkumer-wohnraumgenossenschaft.de\/index.php?rest_route=\/wp\/v2\/posts\/707","targetHints":{"allow":["GET"]}}],"collection":[{"href":"https:\/\/borkumer-wohnraumgenossenschaft.de\/index.php?rest_route=\/wp\/v2\/posts"}],"about":[{"href":"https:\/\/borkumer-wohnraumgenossenschaft.de\/index.php?rest_route=\/wp\/v2\/types\/post"}],"author":[{"embeddable":true,"href":"https:\/\/borkumer-wohnraumgenossenschaft.de\/index.php?rest_route=\/wp\/v2\/users\/1"}],"replies":[{"embeddable":true,"href":"https:\/\/borkumer-wohnraumgenossenschaft.de\/index.php?rest_route=%2Fwp%2Fv2%2Fcomments&post=707"}],"version-history":[{"count":2,"href":"https:\/\/borkumer-wohnraumgenossenschaft.de\/index.php?rest_route=\/wp\/v2\/posts\/707\/revisions"}],"predecessor-version":[{"id":773,"href":"https:\/\/borkumer-wohnraumgenossenschaft.de\/index.php?rest_route=\/wp\/v2\/posts\/707\/revisions\/773"}],"wp:attachment":[{"href":"https:\/\/borkumer-wohnraumgenossenschaft.de\/index.php?rest_route=%2Fwp%2Fv2%2Fmedia&parent=707"}],"wp:term":[{"taxonomy":"category","embeddable":true,"href":"https:\/\/borkumer-wohnraumgenossenschaft.de\/index.php?rest_route=%2Fwp%2Fv2%2Fcategories&post=707"},{"taxonomy":"post_tag","embeddable":true,"href":"https:\/\/borkumer-wohnraumgenossenschaft.de\/index.php?rest_route=%2Fwp%2Fv2%2Ftags&post=707"}],"curies":[{"name":"wp","href":"https:\/\/api.w.org\/{rel}","templated":true}]}}